{"id":22759,"date":"2018-09-20T13:58:40","date_gmt":"2018-09-20T13:58:40","guid":{"rendered":"https:\/\/www.oceanografic.local\/?p=22759"},"modified":"2018-09-20T14:00:04","modified_gmt":"2018-09-20T14:00:04","slug":"fundacion-oceanografic-suelta-una-raya-recuperada-en-el-acuario-junto-a-la-regata-52-super-series","status":"publish","type":"post","link":"https:\/\/www.oceanografic.org\/va\/fundacion-oceanografic-suelta-una-raya-recuperada-en-el-acuario-junto-a-la-regata-52-super-series\/","title":{"rendered":"Fundaci\u00f3n Oceanogr\u00e0fic suelta una raya recuperada en el acuario junto a la regata 52 SUPER SERIES"},"content":{"rendered":"<p><strong>La Fundaci\u00f3n Oceanogr\u00e0fic, la Marina de Val\u00e8ncia\u00a0<\/strong>y<strong> 52 SUPER SERIES,<\/strong>\u00a0 organizaciones unidas por su compromiso con la sostenibilidad,\u00a0 han realizado esta ma\u00f1ana la suelta a mar abierto de un pez raya recuperado en la Fundaci\u00f3n Oceanogr\u00e0fic. Este acto de concienciaci\u00f3n medioambiental ha estado precedido por una rueda de prensa donde han participado el director general del Consorcio Val\u00e8ncia 2007, entidad gestora de La Marina de Val\u00e8ncia, <strong>Vicent Llorens<\/strong>, la presidenta de la Fundaci\u00f3n Oceanogr\u00e0fic, <strong>Celia Calabuig<\/strong> y el jefe de Marketing, Comunicaci\u00f3n y Sostenibilidad de las 52 SUPER SERIES, <strong>Lars B\u00f6cking. <\/strong><\/p>\n<p>Vicent Llorens ha definido el evento en su conjunto como \u201cun acto peque\u00f1o pero poderoso, porque lanza mensajes contundentes a la sociedad\u201d.\u00a0 Celia Calabuig ha apuntado tambi\u00e9n que \u201ccualquier peque\u00f1o acto puede marcar la diferencia, desde recoger una bolsa de pl\u00e1stico en la arena\u201d. En la misma direcci\u00f3n, ha hablado Lars B\u00f6cking, quien ha recordado un dato preocupante: en 2050 habr\u00e1 m\u00e1s pl\u00e1sticos que peces en el mar. B\u00f6cking ha se\u00f1alado la regata 52 SUPER SERIES como \u201cuna plataforma perfecta desde donde llamar la atenci\u00f3n sobre este tema.\u201d<\/p>\n<p><img decoding=\"async\" class=\"alignnone wp-image-22760 size-large img-fluid\"  src=\"https:\/\/www.oceanografic.org\/wp-content\/uploads\/2018\/09\/Momento-de-la-suelta-.-2-1024x576.jpg\" alt=\"\" width=\"1024\" height=\"576\" srcset=\"https:\/\/www.oceanografic.org\/wp-content\/uploads\/2018\/09\/Momento-de-la-suelta-.-2-1024x576.jpg 1024w, https:\/\/www.oceanografic.org\/wp-content\/uploads\/2018\/09\/Momento-de-la-suelta-.-2-300x169.jpg 300w, https:\/\/www.oceanografic.org\/wp-content\/uploads\/2018\/09\/Momento-de-la-suelta-.-2-768x432.jpg 768w, https:\/\/www.oceanografic.org\/wp-content\/uploads\/2018\/09\/Momento-de-la-suelta-.-2-1536x864.jpg 1536w, https:\/\/www.oceanografic.org\/wp-content\/uploads\/2018\/09\/Momento-de-la-suelta-.-2-487x274.jpg 487w, https:\/\/www.oceanografic.org\/wp-content\/uploads\/2018\/09\/Momento-de-la-suelta-.-2-1200x675.jpg 1200w, https:\/\/www.oceanografic.org\/wp-content\/uploads\/2018\/09\/Momento-de-la-suelta-.-2.jpg 2048w\" sizes=\"(max-width: 1024px) 100vw, 1024px\" \/><\/p>\n<p><strong>Salvada de la muerte<\/strong><\/p>\n<p>Tras las intervenciones, una comitiva con miembros de las tres organizaciones ha navegado hasta una zona seleccionada por sus caracter\u00edsticas espec\u00edficas y se ha procedido a la suelta de la raya. \u201cAmparo\u201d, una joven raya pel\u00e1gica (<em>Pteroplatytrygon viol\u00e1cea<\/em>), apareci\u00f3 varada el seis de agosto en Oropesa del Mar rescatada por ba\u00f1istas y socorristas, que avisaron al 112 que alert\u00f3 a la Red de Varamientos. Un equipo de la Fundaci\u00f3n Oceanogr\u00e0fic acudi\u00f3 a reconocerla y le apreci\u00f3 en una primera exploraci\u00f3n, adem\u00e1s de rasgu\u00f1os ventrales, una herida profunda cerca del arco branquial causada por un objeto punzante.<\/p>\n<p>Tras un tratamiento de choque para evitar su muerte en el departamento de Cuarentena del Oceanogr\u00e0fic y una radiograf\u00eda para descartar que estaba embarazada, se le someti\u00f3 a diversas curas complementarias y a una alimentaci\u00f3n especial hasta que ha recuperado su salud y las fuerzas para volver al mar.<\/p>\n<p>El acto ha tenido lugar en el marco de la 52 SUPER SERIES, el circuito de regatas m\u00e1s importante del mundo que se est\u00e1 desarrollando en La Marina de Val\u00e8ncia del 18 el 22 de septiembre. Se trata de una competici\u00f3n reconocida por sus acciones y campa\u00f1as de concienciaci\u00f3n en materia de sostenibilidad, donde tambi\u00e9n busca alianzas con otras entidades locales en cada una de sus regatas. En este caso, La Marina de Val\u00e8ncia y la Fundaci\u00f3n Oceanogr\u00e0fic se suman con esta y otras iniciativas.<\/p>\n<p><img decoding=\"async\" class=\"alignnone wp-image-22762 size-large img-fluid\"  src=\"https:\/\/www.oceanografic.org\/wp-content\/uploads\/2018\/09\/La-raya-Amparo-poco-antes-de-ser-embarcada-para-suelta.-1024x665.jpg\" alt=\"\" width=\"1024\" height=\"665\" srcset=\"https:\/\/www.oceanografic.org\/wp-content\/uploads\/2018\/09\/La-raya-Amparo-poco-antes-de-ser-embarcada-para-suelta.-1024x665.jpg 1024w, https:\/\/www.oceanografic.org\/wp-content\/uploads\/2018\/09\/La-raya-Amparo-poco-antes-de-ser-embarcada-para-suelta.-300x195.jpg 300w, https:\/\/www.oceanografic.org\/wp-content\/uploads\/2018\/09\/La-raya-Amparo-poco-antes-de-ser-embarcada-para-suelta.-768x498.jpg 768w, https:\/\/www.oceanografic.org\/wp-content\/uploads\/2018\/09\/La-raya-Amparo-poco-antes-de-ser-embarcada-para-suelta.-1536x997.jpg 1536w, https:\/\/www.oceanografic.org\/wp-content\/uploads\/2018\/09\/La-raya-Amparo-poco-antes-de-ser-embarcada-para-suelta.-2048x1329.jpg 2048w, https:\/\/www.oceanografic.org\/wp-content\/uploads\/2018\/09\/La-raya-Amparo-poco-antes-de-ser-embarcada-para-suelta.-422x274.jpg 422w, https:\/\/www.oceanografic.org\/wp-content\/uploads\/2018\/09\/La-raya-Amparo-poco-antes-de-ser-embarcada-para-suelta.-1200x779.jpg 1200w\" sizes=\"(max-width: 1024px) 100vw, 1024px\" \/><\/p>\n<p><strong>Pl\u00e1sticos y medusas: confusi\u00f3n mortal para las tortugas<\/strong><\/p>\n<p>Por ejemplo, la Fundaci\u00f3n Oceanogr\u00e0fic ha ubicado en el Lounge Bar de la regata, situado en la planta baja del edificio Veles e Vents, una exposici\u00f3n divulgativa donde se puede observar la similitud entre medusas y pl\u00e1sticos flotando en el mar y el riesgo que ello supone para las tortugas que los confunden a la hora de alimentarse.<\/p>\n<p>En la exposici\u00f3n se pueden observar tambi\u00e9n objetos elaborados a trav\u00e9s del reciclaje de\u00a0 residuos pl\u00e1sticos que se encuentran el mar, fruto del proyecto #PLASTICFRIENDLY realizado por la Asociaci\u00f3n BIOAgradables.<\/p>\n<p>El compromiso de la Fundaci\u00f3n Oceanogr\u00e0fic es aportar nuevo conocimiento, trabajar por el cuidado y bienestar de los animales e informar y sensibilizar a toda la sociedad, con la finalidad de mejorar la conservaci\u00f3n de las especies y sus h\u00e1bitats naturales.<\/p>\n<p><strong>La Marina: sostenibilidad y n\u00e1utica<\/strong><\/p>\n<p>Por parte de La Marina de Val\u00e8ncia, la sostenibilidad y la n\u00e1utica son ejes principales de su plan estrat\u00e9gico, cuyos objetivos son la activaci\u00f3n productiva y la apropiaci\u00f3n ciudadana del frente mar\u00edtimo. La Marina est\u00e1 colaborando con el programa de sostenibilidad de 52 SUPER SERIES a trav\u00e9s de diferentes acciones. Por un lado, cuantificar\u00e1 el consumo de electricidad del evento, lo transformar\u00e1 en toneladas de CO2 equivalente y lo compensar\u00e1 posteriormente con la plantaci\u00f3n de un determinado n\u00famero de \u00e1rboles en el recinto mar\u00edtimo. Por otra parte, el pasado domingo se organiz\u00f3 conjuntamente una limpieza de la escollera, con la colaboraci\u00f3n de Bioagradables y la empresa Anywhere Water Sports. Con los residuos recogidos, se elaborar\u00e1 un trofeo para galardonar al equipo m\u00e1s ecol\u00f3gico de la competici\u00f3n. Adem\u00e1s, La Marina de Val\u00e8ncia ha aportado 20 bicicletas a la organizaci\u00f3n de la regata para fomentar la movilidad sostenible y ha puesto tambi\u00e9n a su disposici\u00f3n una innovadora embarcaci\u00f3n con propulsi\u00f3n el\u00e9ctrica y sin emisiones contaminantes.<\/p>\n<p><strong>Super Series: Un mensaje de sostenibilidad<\/strong><\/p>\n<p>El circuito 52 SUPER SERIES trabaja tanto en la difusi\u00f3n\u00a0 del mensaje de sostenibilidad como en minimizar el impacto ambiental de sus regatas y dejar un legado de defensa del medio ambiente duradero. Todas estas acciones las acometen de la mano de uno de sus colaboradores, la fundaci\u00f3n 11th Hour Racing. Algunas de sus iniciativas son el sistema de filtrado de agua y fomento de usos de botellas rellenables de aluminio, la eliminaci\u00f3n tambi\u00e9n del pl\u00e1sticos en los \u201cpicnics\u201d de los equipos y la actividad de limpieza de playas.<\/p>\n<p>&nbsp;<\/p>\n","protected":false},"excerpt":{"rendered":"<p>La Fundaci\u00f3n Oceanogr\u00e0fic, la Marina de Val\u00e8ncia\u00a0y 52 SUPER SERIES,\u00a0 organizaciones unidas por su compromiso con la sostenibilidad,\u00a0 han realizado esta ma\u00f1ana la suelta a mar abierto de un pez raya recuperado en la Fundaci\u00f3n Oceanogr\u00e0fic. Este acto de concienciaci\u00f3n medioambiental ha estado precedido por una rueda de prensa donde han participado el director general&hellip; <a class=\"arrow\" href=\"https:\/\/www.oceanografic.org\/va\/fundacion-oceanografic-suelta-una-raya-recuperada-en-el-acuario-junto-a-la-regata-52-super-series\/\">Continua<\/a><\/p>\n","protected":false},"author":6,"featured_media":22764,"comment_status":"open","ping_status":"open","sticky":false,"template":"","format":"standard","meta":{"_acf_changed":false,"footnotes":""},"categories":[383],"tags":[],"class_list":["post-22759","post","type-post","status-publish","format-standard","has-post-thumbnail","hentry","category-uncategorized-va"],"acf":[],"yoast_head":"<!-- This site is optimized with the Yoast SEO plugin v27.5 - https:\/\/yoast.com\/product\/yoast-seo-wordpress\/ -->\n<title>Fundaci\u00f3n Oceanogr\u00e0fic suelta una raya recuperada en el acuario junto a la regata 52 SUPER SERIES - Oceanogr\u00e0fic de Val\u00e8ncia<\/title>\n<meta name=\"robots\" content=\"index, follow, max-snippet:-1, max-image-preview:large, max-video-preview:-1\" \/>\n<link rel=\"canonical\" href=\"https:\/\/www.oceanografic.org\/va\/fundacion-oceanografic-suelta-una-raya-recuperada-en-el-acuario-junto-a-la-regata-52-super-series\/\" \/>\n<meta property=\"og:locale\" content=\"en_US\" \/>\n<meta property=\"og:type\" content=\"article\" \/>\n<meta property=\"og:title\" content=\"Fundaci\u00f3n Oceanogr\u00e0fic suelta una raya recuperada en el acuario junto a la regata 52 SUPER SERIES - Oceanogr\u00e0fic de Val\u00e8ncia\" \/>\n<meta property=\"og:description\" content=\"La Fundaci\u00f3n Oceanogr\u00e0fic, la Marina de Val\u00e8ncia\u00a0y 52 SUPER SERIES,\u00a0 organizaciones unidas por su compromiso con la sostenibilidad,\u00a0 han realizado esta ma\u00f1ana la suelta a mar abierto de un pez raya recuperado en la Fundaci\u00f3n Oceanogr\u00e0fic. Este acto de concienciaci\u00f3n medioambiental ha estado precedido por una rueda de prensa donde han participado el director general&hellip; Continua\" \/>\n<meta property=\"og:url\" content=\"https:\/\/www.oceanografic.org\/va\/fundacion-oceanografic-suelta-una-raya-recuperada-en-el-acuario-junto-a-la-regata-52-super-series\/\" \/>\n<meta property=\"og:site_name\" content=\"Oceanogr\u00e0fic de Val\u00e8ncia\" \/>\n<meta property=\"article:publisher\" content=\"https:\/\/www.facebook.com\/oceanograficvl\" \/>\n<meta property=\"article:published_time\" content=\"2018-09-20T13:58:40+00:00\" \/>\n<meta property=\"article:modified_time\" content=\"2018-09-20T14:00:04+00:00\" \/>\n<meta property=\"og:image\" content=\"https:\/\/www.oceanografic.org\/wp-content\/uploads\/2018\/09\/Momento-de-la-suelta-.-2-1.jpg\" \/>\n\t<meta property=\"og:image:width\" content=\"2048\" \/>\n\t<meta property=\"og:image:height\" content=\"1152\" \/>\n\t<meta property=\"og:image:type\" content=\"image\/jpeg\" \/>\n<meta name=\"author\" content=\"Jos\u00e9 Rafael Serra\" \/>\n<meta name=\"twitter:card\" content=\"summary_large_image\" \/>\n<meta name=\"twitter:creator\" content=\"@Oceanografic_vl\" \/>\n<meta name=\"twitter:site\" content=\"@Oceanografic_vl\" \/>\n<meta name=\"twitter:label1\" content=\"Written by\" \/>\n\t<meta name=\"twitter:data1\" content=\"Jos\u00e9 Rafael Serra\" \/>\n\t<meta name=\"twitter:label2\" content=\"Est. reading time\" \/>\n\t<meta name=\"twitter:data2\" content=\"4 minutes\" \/>\n<script type=\"application\/ld+json\" class=\"yoast-schema-graph\">{\"@context\":\"https:\\\/\\\/schema.org\",\"@graph\":[{\"@type\":\"Article\",\"@id\":\"https:\\\/\\\/www.oceanografic.org\\\/va\\\/fundacion-oceanografic-suelta-una-raya-recuperada-en-el-acuario-junto-a-la-regata-52-super-series\\\/#article\",\"isPartOf\":{\"@id\":\"https:\\\/\\\/www.oceanografic.org\\\/va\\\/fundacion-oceanografic-suelta-una-raya-recuperada-en-el-acuario-junto-a-la-regata-52-super-series\\\/\"},\"author\":{\"name\":\"Jos\u00e9 Rafael Serra\",\"@id\":\"https:\\\/\\\/www.oceanografic.org\\\/va\\\/#\\\/schema\\\/person\\\/2a305d458e4b5f79cb61d0d32e3d9dd7\"},\"headline\":\"Fundaci\u00f3n Oceanogr\u00e0fic suelta una raya recuperada en el acuario junto a la regata 52 SUPER SERIES\",\"datePublished\":\"2018-09-20T13:58:40+00:00\",\"dateModified\":\"2018-09-20T14:00:04+00:00\",\"mainEntityOfPage\":{\"@id\":\"https:\\\/\\\/www.oceanografic.org\\\/va\\\/fundacion-oceanografic-suelta-una-raya-recuperada-en-el-acuario-junto-a-la-regata-52-super-series\\\/\"},\"wordCount\":909,\"commentCount\":0,\"publisher\":{\"@id\":\"https:\\\/\\\/www.oceanografic.org\\\/va\\\/#organization\"},\"image\":{\"@id\":\"https:\\\/\\\/www.oceanografic.org\\\/va\\\/fundacion-oceanografic-suelta-una-raya-recuperada-en-el-acuario-junto-a-la-regata-52-super-series\\\/#primaryimage\"},\"thumbnailUrl\":\"https:\\\/\\\/www.oceanografic.org\\\/wp-content\\\/uploads\\\/2018\\\/09\\\/Momento-de-la-suelta-.-2-1.jpg\",\"articleSection\":[\"Uncategorized @va\"],\"inLanguage\":\"va\",\"potentialAction\":[{\"@type\":\"CommentAction\",\"name\":\"Comment\",\"target\":[\"https:\\\/\\\/www.oceanografic.org\\\/va\\\/fundacion-oceanografic-suelta-una-raya-recuperada-en-el-acuario-junto-a-la-regata-52-super-series\\\/#respond\"]}]},{\"@type\":\"WebPage\",\"@id\":\"https:\\\/\\\/www.oceanografic.org\\\/va\\\/fundacion-oceanografic-suelta-una-raya-recuperada-en-el-acuario-junto-a-la-regata-52-super-series\\\/\",\"url\":\"https:\\\/\\\/www.oceanografic.org\\\/va\\\/fundacion-oceanografic-suelta-una-raya-recuperada-en-el-acuario-junto-a-la-regata-52-super-series\\\/\",\"name\":\"Fundaci\u00f3n Oceanogr\u00e0fic suelta una raya recuperada en el acuario junto a la regata 52 SUPER SERIES - Oceanogr\u00e0fic de Val\u00e8ncia\",\"isPartOf\":{\"@id\":\"https:\\\/\\\/www.oceanografic.org\\\/va\\\/#website\"},\"primaryImageOfPage\":{\"@id\":\"https:\\\/\\\/www.oceanografic.org\\\/va\\\/fundacion-oceanografic-suelta-una-raya-recuperada-en-el-acuario-junto-a-la-regata-52-super-series\\\/#primaryimage\"},\"image\":{\"@id\":\"https:\\\/\\\/www.oceanografic.org\\\/va\\\/fundacion-oceanografic-suelta-una-raya-recuperada-en-el-acuario-junto-a-la-regata-52-super-series\\\/#primaryimage\"},\"thumbnailUrl\":\"https:\\\/\\\/www.oceanografic.org\\\/wp-content\\\/uploads\\\/2018\\\/09\\\/Momento-de-la-suelta-.-2-1.jpg\",\"datePublished\":\"2018-09-20T13:58:40+00:00\",\"dateModified\":\"2018-09-20T14:00:04+00:00\",\"breadcrumb\":{\"@id\":\"https:\\\/\\\/www.oceanografic.org\\\/va\\\/fundacion-oceanografic-suelta-una-raya-recuperada-en-el-acuario-junto-a-la-regata-52-super-series\\\/#breadcrumb\"},\"inLanguage\":\"va\",\"potentialAction\":[{\"@type\":\"ReadAction\",\"target\":[\"https:\\\/\\\/www.oceanografic.org\\\/va\\\/fundacion-oceanografic-suelta-una-raya-recuperada-en-el-acuario-junto-a-la-regata-52-super-series\\\/\"]}]},{\"@type\":\"ImageObject\",\"inLanguage\":\"va\",\"@id\":\"https:\\\/\\\/www.oceanografic.org\\\/va\\\/fundacion-oceanografic-suelta-una-raya-recuperada-en-el-acuario-junto-a-la-regata-52-super-series\\\/#primaryimage\",\"url\":\"https:\\\/\\\/www.oceanografic.org\\\/wp-content\\\/uploads\\\/2018\\\/09\\\/Momento-de-la-suelta-.-2-1.jpg\",\"contentUrl\":\"https:\\\/\\\/www.oceanografic.org\\\/wp-content\\\/uploads\\\/2018\\\/09\\\/Momento-de-la-suelta-.-2-1.jpg\",\"width\":2048,\"height\":1152},{\"@type\":\"BreadcrumbList\",\"@id\":\"https:\\\/\\\/www.oceanografic.org\\\/va\\\/fundacion-oceanografic-suelta-una-raya-recuperada-en-el-acuario-junto-a-la-regata-52-super-series\\\/#breadcrumb\",\"itemListElement\":[{\"@type\":\"ListItem\",\"position\":1,\"name\":\"Portada\",\"item\":\"https:\\\/\\\/www.oceanografic.org\\\/va\\\/\"},{\"@type\":\"ListItem\",\"position\":2,\"name\":\"Fundaci\u00f3n Oceanogr\u00e0fic suelta una raya recuperada en el acuario junto a la regata 52 SUPER SERIES\"}]},{\"@type\":\"WebSite\",\"@id\":\"https:\\\/\\\/www.oceanografic.org\\\/va\\\/#website\",\"url\":\"https:\\\/\\\/www.oceanografic.org\\\/va\\\/\",\"name\":\"Oceanogr\u00e0fic de Val\u00e8ncia\",\"description\":\"\",\"publisher\":{\"@id\":\"https:\\\/\\\/www.oceanografic.org\\\/va\\\/#organization\"},\"potentialAction\":[{\"@type\":\"SearchAction\",\"target\":{\"@type\":\"EntryPoint\",\"urlTemplate\":\"https:\\\/\\\/www.oceanografic.org\\\/va\\\/?s={search_term_string}\"},\"query-input\":{\"@type\":\"PropertyValueSpecification\",\"valueRequired\":true,\"valueName\":\"search_term_string\"}}],\"inLanguage\":\"va\"},{\"@type\":\"Organization\",\"@id\":\"https:\\\/\\\/www.oceanografic.org\\\/va\\\/#organization\",\"name\":\"Oceanogr\u00e0fic de Val\u00e8ncia\",\"url\":\"https:\\\/\\\/www.oceanografic.org\\\/va\\\/\",\"logo\":{\"@type\":\"ImageObject\",\"inLanguage\":\"va\",\"@id\":\"https:\\\/\\\/www.oceanografic.org\\\/va\\\/#\\\/schema\\\/logo\\\/image\\\/\",\"url\":\"https:\\\/\\\/www.oceanografic.org\\\/wp-content\\\/uploads\\\/2024\\\/10\\\/Logo-OCE.png\",\"contentUrl\":\"https:\\\/\\\/www.oceanografic.org\\\/wp-content\\\/uploads\\\/2024\\\/10\\\/Logo-OCE.png\",\"width\":3543,\"height\":1286,\"caption\":\"Oceanogr\u00e0fic de Val\u00e8ncia\"},\"image\":{\"@id\":\"https:\\\/\\\/www.oceanografic.org\\\/va\\\/#\\\/schema\\\/logo\\\/image\\\/\"},\"sameAs\":[\"https:\\\/\\\/www.facebook.com\\\/oceanograficvl\",\"https:\\\/\\\/x.com\\\/Oceanografic_vl\"]},{\"@type\":\"Person\",\"@id\":\"https:\\\/\\\/www.oceanografic.org\\\/va\\\/#\\\/schema\\\/person\\\/2a305d458e4b5f79cb61d0d32e3d9dd7\",\"name\":\"Jos\u00e9 Rafael Serra\",\"image\":{\"@type\":\"ImageObject\",\"inLanguage\":\"va\",\"@id\":\"https:\\\/\\\/secure.gravatar.com\\\/avatar\\\/c2b406c985678e66b0423ba61f8569fcce42fa643ecbda65778bcd0b7e3f4966?s=96&d=mm&r=g\",\"url\":\"https:\\\/\\\/secure.gravatar.com\\\/avatar\\\/c2b406c985678e66b0423ba61f8569fcce42fa643ecbda65778bcd0b7e3f4966?s=96&d=mm&r=g\",\"contentUrl\":\"https:\\\/\\\/secure.gravatar.com\\\/avatar\\\/c2b406c985678e66b0423ba61f8569fcce42fa643ecbda65778bcd0b7e3f4966?s=96&d=mm&r=g\",\"caption\":\"Jos\u00e9 Rafael Serra\"},\"sameAs\":[\"https:\\\/\\\/www.oceanografic.org\"]}]}<\/script>\n<!-- \/ Yoast SEO plugin. -->","yoast_head_json":{"title":"Fundaci\u00f3n Oceanogr\u00e0fic suelta una raya recuperada en el acuario junto a la regata 52 SUPER SERIES - Oceanogr\u00e0fic de Val\u00e8ncia","robots":{"index":"index","follow":"follow","max-snippet":"max-snippet:-1","max-image-preview":"max-image-preview:large","max-video-preview":"max-video-preview:-1"},"canonical":"https:\/\/www.oceanografic.org\/va\/fundacion-oceanografic-suelta-una-raya-recuperada-en-el-acuario-junto-a-la-regata-52-super-series\/","og_locale":"en_US","og_type":"article","og_title":"Fundaci\u00f3n Oceanogr\u00e0fic suelta una raya recuperada en el acuario junto a la regata 52 SUPER SERIES - Oceanogr\u00e0fic de Val\u00e8ncia","og_description":"La Fundaci\u00f3n Oceanogr\u00e0fic, la Marina de Val\u00e8ncia\u00a0y 52 SUPER SERIES,\u00a0 organizaciones unidas por su compromiso con la sostenibilidad,\u00a0 han realizado esta ma\u00f1ana la suelta a mar abierto de un pez raya recuperado en la Fundaci\u00f3n Oceanogr\u00e0fic. Este acto de concienciaci\u00f3n medioambiental ha estado precedido por una rueda de prensa donde han participado el director general&hellip; Continua","og_url":"https:\/\/www.oceanografic.org\/va\/fundacion-oceanografic-suelta-una-raya-recuperada-en-el-acuario-junto-a-la-regata-52-super-series\/","og_site_name":"Oceanogr\u00e0fic de Val\u00e8ncia","article_publisher":"https:\/\/www.facebook.com\/oceanograficvl","article_published_time":"2018-09-20T13:58:40+00:00","article_modified_time":"2018-09-20T14:00:04+00:00","og_image":[{"width":2048,"height":1152,"url":"https:\/\/www.oceanografic.org\/wp-content\/uploads\/2018\/09\/Momento-de-la-suelta-.-2-1.jpg","type":"image\/jpeg"}],"author":"Jos\u00e9 Rafael Serra","twitter_card":"summary_large_image","twitter_creator":"@Oceanografic_vl","twitter_site":"@Oceanografic_vl","twitter_misc":{"Written by":"Jos\u00e9 Rafael Serra","Est. reading time":"4 minutes"},"schema":{"@context":"https:\/\/schema.org","@graph":[{"@type":"Article","@id":"https:\/\/www.oceanografic.org\/va\/fundacion-oceanografic-suelta-una-raya-recuperada-en-el-acuario-junto-a-la-regata-52-super-series\/#article","isPartOf":{"@id":"https:\/\/www.oceanografic.org\/va\/fundacion-oceanografic-suelta-una-raya-recuperada-en-el-acuario-junto-a-la-regata-52-super-series\/"},"author":{"name":"Jos\u00e9 Rafael Serra","@id":"https:\/\/www.oceanografic.org\/va\/#\/schema\/person\/2a305d458e4b5f79cb61d0d32e3d9dd7"},"headline":"Fundaci\u00f3n Oceanogr\u00e0fic suelta una raya recuperada en el acuario junto a la regata 52 SUPER SERIES","datePublished":"2018-09-20T13:58:40+00:00","dateModified":"2018-09-20T14:00:04+00:00","mainEntityOfPage":{"@id":"https:\/\/www.oceanografic.org\/va\/fundacion-oceanografic-suelta-una-raya-recuperada-en-el-acuario-junto-a-la-regata-52-super-series\/"},"wordCount":909,"commentCount":0,"publisher":{"@id":"https:\/\/www.oceanografic.org\/va\/#organization"},"image":{"@id":"https:\/\/www.oceanografic.org\/va\/fundacion-oceanografic-suelta-una-raya-recuperada-en-el-acuario-junto-a-la-regata-52-super-series\/#primaryimage"},"thumbnailUrl":"https:\/\/www.oceanografic.org\/wp-content\/uploads\/2018\/09\/Momento-de-la-suelta-.-2-1.jpg","articleSection":["Uncategorized @va"],"inLanguage":"va","potentialAction":[{"@type":"CommentAction","name":"Comment","target":["https:\/\/www.oceanografic.org\/va\/fundacion-oceanografic-suelta-una-raya-recuperada-en-el-acuario-junto-a-la-regata-52-super-series\/#respond"]}]},{"@type":"WebPage","@id":"https:\/\/www.oceanografic.org\/va\/fundacion-oceanografic-suelta-una-raya-recuperada-en-el-acuario-junto-a-la-regata-52-super-series\/","url":"https:\/\/www.oceanografic.org\/va\/fundacion-oceanografic-suelta-una-raya-recuperada-en-el-acuario-junto-a-la-regata-52-super-series\/","name":"Fundaci\u00f3n Oceanogr\u00e0fic suelta una raya recuperada en el acuario junto a la regata 52 SUPER SERIES - Oceanogr\u00e0fic de Val\u00e8ncia","isPartOf":{"@id":"https:\/\/www.oceanografic.org\/va\/#website"},"primaryImageOfPage":{"@id":"https:\/\/www.oceanografic.org\/va\/fundacion-oceanografic-suelta-una-raya-recuperada-en-el-acuario-junto-a-la-regata-52-super-series\/#primaryimage"},"image":{"@id":"https:\/\/www.oceanografic.org\/va\/fundacion-oceanografic-suelta-una-raya-recuperada-en-el-acuario-junto-a-la-regata-52-super-series\/#primaryimage"},"thumbnailUrl":"https:\/\/www.oceanografic.org\/wp-content\/uploads\/2018\/09\/Momento-de-la-suelta-.-2-1.jpg","datePublished":"2018-09-20T13:58:40+00:00","dateModified":"2018-09-20T14:00:04+00:00","breadcrumb":{"@id":"https:\/\/www.oceanografic.org\/va\/fundacion-oceanografic-suelta-una-raya-recuperada-en-el-acuario-junto-a-la-regata-52-super-series\/#breadcrumb"},"inLanguage":"va","potentialAction":[{"@type":"ReadAction","target":["https:\/\/www.oceanografic.org\/va\/fundacion-oceanografic-suelta-una-raya-recuperada-en-el-acuario-junto-a-la-regata-52-super-series\/"]}]},{"@type":"ImageObject","inLanguage":"va","@id":"https:\/\/www.oceanografic.org\/va\/fundacion-oceanografic-suelta-una-raya-recuperada-en-el-acuario-junto-a-la-regata-52-super-series\/#primaryimage","url":"https:\/\/www.oceanografic.org\/wp-content\/uploads\/2018\/09\/Momento-de-la-suelta-.-2-1.jpg","contentUrl":"https:\/\/www.oceanografic.org\/wp-content\/uploads\/2018\/09\/Momento-de-la-suelta-.-2-1.jpg","width":2048,"height":1152},{"@type":"BreadcrumbList","@id":"https:\/\/www.oceanografic.org\/va\/fundacion-oceanografic-suelta-una-raya-recuperada-en-el-acuario-junto-a-la-regata-52-super-series\/#breadcrumb","itemListElement":[{"@type":"ListItem","position":1,"name":"Portada","item":"https:\/\/www.oceanografic.org\/va\/"},{"@type":"ListItem","position":2,"name":"Fundaci\u00f3n Oceanogr\u00e0fic suelta una raya recuperada en el acuario junto a la regata 52 SUPER SERIES"}]},{"@type":"WebSite","@id":"https:\/\/www.oceanografic.org\/va\/#website","url":"https:\/\/www.oceanografic.org\/va\/","name":"Oceanogr\u00e0fic de Val\u00e8ncia","description":"","publisher":{"@id":"https:\/\/www.oceanografic.org\/va\/#organization"},"potentialAction":[{"@type":"SearchAction","target":{"@type":"EntryPoint","urlTemplate":"https:\/\/www.oceanografic.org\/va\/?s={search_term_string}"},"query-input":{"@type":"PropertyValueSpecification","valueRequired":true,"valueName":"search_term_string"}}],"inLanguage":"va"},{"@type":"Organization","@id":"https:\/\/www.oceanografic.org\/va\/#organization","name":"Oceanogr\u00e0fic de Val\u00e8ncia","url":"https:\/\/www.oceanografic.org\/va\/","logo":{"@type":"ImageObject","inLanguage":"va","@id":"https:\/\/www.oceanografic.org\/va\/#\/schema\/logo\/image\/","url":"https:\/\/www.oceanografic.org\/wp-content\/uploads\/2024\/10\/Logo-OCE.png","contentUrl":"https:\/\/www.oceanografic.org\/wp-content\/uploads\/2024\/10\/Logo-OCE.png","width":3543,"height":1286,"caption":"Oceanogr\u00e0fic de Val\u00e8ncia"},"image":{"@id":"https:\/\/www.oceanografic.org\/va\/#\/schema\/logo\/image\/"},"sameAs":["https:\/\/www.facebook.com\/oceanograficvl","https:\/\/x.com\/Oceanografic_vl"]},{"@type":"Person","@id":"https:\/\/www.oceanografic.org\/va\/#\/schema\/person\/2a305d458e4b5f79cb61d0d32e3d9dd7","name":"Jos\u00e9 Rafael Serra","image":{"@type":"ImageObject","inLanguage":"va","@id":"https:\/\/secure.gravatar.com\/avatar\/c2b406c985678e66b0423ba61f8569fcce42fa643ecbda65778bcd0b7e3f4966?s=96&d=mm&r=g","url":"https:\/\/secure.gravatar.com\/avatar\/c2b406c985678e66b0423ba61f8569fcce42fa643ecbda65778bcd0b7e3f4966?s=96&d=mm&r=g","contentUrl":"https:\/\/secure.gravatar.com\/avatar\/c2b406c985678e66b0423ba61f8569fcce42fa643ecbda65778bcd0b7e3f4966?s=96&d=mm&r=g","caption":"Jos\u00e9 Rafael Serra"},"sameAs":["https:\/\/www.oceanografic.org"]}]}},"_links":{"self":[{"href":"https:\/\/www.oceanografic.org\/va\/wp-json\/wp\/v2\/posts\/22759","targetHints":{"allow":["GET"]}}],"collection":[{"href":"https:\/\/www.oceanografic.org\/va\/wp-json\/wp\/v2\/posts"}],"about":[{"href":"https:\/\/www.oceanografic.org\/va\/wp-json\/wp\/v2\/types\/post"}],"author":[{"embeddable":true,"href":"https:\/\/www.oceanografic.org\/va\/wp-json\/wp\/v2\/users\/6"}],"replies":[{"embeddable":true,"href":"https:\/\/www.oceanografic.org\/va\/wp-json\/wp\/v2\/comments?post=22759"}],"version-history":[{"count":0,"href":"https:\/\/www.oceanografic.org\/va\/wp-json\/wp\/v2\/posts\/22759\/revisions"}],"wp:featuredmedia":[{"embeddable":true,"href":"https:\/\/www.oceanografic.org\/va\/wp-json\/wp\/v2\/media\/22764"}],"wp:attachment":[{"href":"https:\/\/www.oceanografic.org\/va\/wp-json\/wp\/v2\/media?parent=22759"}],"wp:term":[{"taxonomy":"category","embeddable":true,"href":"https:\/\/www.oceanografic.org\/va\/wp-json\/wp\/v2\/categories?post=22759"},{"taxonomy":"post_tag","embeddable":true,"href":"https:\/\/www.oceanografic.org\/va\/wp-json\/wp\/v2\/tags?post=22759"}],"curies":[{"name":"wp","href":"https:\/\/api.w.org\/{rel}","templated":true}]}}