{"id":22224,"date":"2017-03-22T17:32:54","date_gmt":"2017-03-22T17:32:54","guid":{"rendered":"https:\/\/www.oceanografic.local\/medusas\/"},"modified":"2018-07-24T07:49:55","modified_gmt":"2018-07-24T07:49:55","slug":"medusas","status":"publish","type":"post","link":"https:\/\/www.oceanografic.org\/va\/medusas\/","title":{"rendered":"Meduses com mai s&#8217;havien vist"},"content":{"rendered":"<p>Aquesta \u00e9s la nova proposta de l\u2019Oceanogr\u00e0fic de Val\u00e8ncia per a la nova temporada 2017, que es podr\u00e0 veure a partir d\u2019abril.<\/p>\n<p>En ella, setze nous tancs seran instal\u00b7lats en tot l\u2019Oceanogr\u00e0fic per a mostrar les diferents meduses del m\u00f3n. Aquests es veuran refor\u00e7ats amb 45 m\u00e9s en zona t\u00e8cnica, que s\u2019empraran per al cultiu, reproducci\u00f3 i engreixe de les diferents esp\u00e8cies.<\/p>\n<p>S\u2019exhibiran uns 1.000 exemplars de 16 esp\u00e8cies diferents distribu\u00efdes segons la temperatura d\u2019aigua i el pH . En zona t\u00e8cnica es criaran 24 esp\u00e8cies m\u00e9s dedicades a alimentaci\u00f3, intercanvi amb altres aquaris i recerca.<\/p>\n<p><img decoding=\"async\" class=\"aligncenter wp-image-15884 size-large img-fluid\"  src=\"https:\/\/www.oceanografic.org\/wp-content\/uploads\/2017\/02\/medusas-1-1024x683.jpg\" alt=\"medusas (1)\" width=\"1000\" height=\"667\" srcset=\"https:\/\/www.oceanografic.org\/wp-content\/uploads\/2017\/02\/medusas-1-1024x683.jpg 1024w, https:\/\/www.oceanografic.org\/wp-content\/uploads\/2017\/02\/medusas-1-300x200.jpg 300w, https:\/\/www.oceanografic.org\/wp-content\/uploads\/2017\/02\/medusas-1-768x512.jpg 768w, https:\/\/www.oceanografic.org\/wp-content\/uploads\/2017\/02\/medusas-1-1536x1024.jpg 1536w, https:\/\/www.oceanografic.org\/wp-content\/uploads\/2017\/02\/medusas-1-2048x1365.jpg 2048w, https:\/\/www.oceanografic.org\/wp-content\/uploads\/2017\/02\/medusas-1-411x274.jpg 411w, https:\/\/www.oceanografic.org\/wp-content\/uploads\/2017\/02\/medusas-1-1200x800.jpg 1200w\" sizes=\"(max-width: 1000px) 100vw, 1000px\" \/><\/p>\n<p>Una oportunitat \u00fanica per a acostar-nos a aquests curiosos animals, compostos en un 95% d\u2019aigua.<\/p>\n<p>El principal objectiu d\u2019aquesta exposici\u00f3 \u00e9s acostar aquests curiosos animals als visitants, deixar que gaudisquen de la seua bellesa i ensenyar que no totes s\u00f3n animals urticants, sin\u00f3 que formen part d\u2019una baula imprescindible en la cadena tr\u00f2fica animal.<\/p>\n","protected":false},"excerpt":{"rendered":"<p>Aquesta \u00e9s la nova proposta de l\u2019Oceanogr\u00e0fic de Val\u00e8ncia per a la nova temporada 2017, que es podr\u00e0 veure a partir d\u2019abril. En ella, setze nous tancs seran instal\u00b7lats en tot l\u2019Oceanogr\u00e0fic per a mostrar les diferents meduses del m\u00f3n. Aquests es veuran refor\u00e7ats amb 45 m\u00e9s en zona t\u00e8cnica, que s\u2019empraran per al cultiu,&hellip; <a class=\"arrow\" href=\"https:\/\/www.oceanografic.org\/va\/medusas\/\">Continua<\/a><\/p>\n","protected":false},"author":2,"featured_media":0,"comment_status":"open","ping_status":"open","sticky":false,"template":"","format":"standard","meta":{"_acf_changed":false,"footnotes":""},"categories":[490,491],"tags":[],"class_list":["post-22224","post","type-post","status-publish","format-standard","hentry","category-animales-va-va","category-parque-va-va"],"acf":[],"yoast_head":"<!-- This site is optimized with the Yoast SEO plugin v27.5 - https:\/\/yoast.com\/product\/yoast-seo-wordpress\/ -->\n<title>Meduses com mai s&#039;havien vist - Oceanogr\u00e0fic de Val\u00e8ncia<\/title>\n<meta name=\"robots\" content=\"index, follow, max-snippet:-1, max-image-preview:large, max-video-preview:-1\" \/>\n<link rel=\"canonical\" href=\"https:\/\/www.oceanografic.org\/va\/medusas\/\" \/>\n<meta property=\"og:locale\" content=\"en_US\" \/>\n<meta property=\"og:type\" content=\"article\" \/>\n<meta property=\"og:title\" content=\"Meduses com mai s&#039;havien vist - Oceanogr\u00e0fic de Val\u00e8ncia\" \/>\n<meta property=\"og:description\" content=\"Aquesta \u00e9s la nova proposta de l\u2019Oceanogr\u00e0fic de Val\u00e8ncia per a la nova temporada 2017, que es podr\u00e0 veure a partir d\u2019abril. En ella, setze nous tancs seran instal\u00b7lats en tot l\u2019Oceanogr\u00e0fic per a mostrar les diferents meduses del m\u00f3n. Aquests es veuran refor\u00e7ats amb 45 m\u00e9s en zona t\u00e8cnica, que s\u2019empraran per al cultiu,&hellip; Continua\" \/>\n<meta property=\"og:url\" content=\"https:\/\/www.oceanografic.org\/va\/medusas\/\" \/>\n<meta property=\"og:site_name\" content=\"Oceanogr\u00e0fic de Val\u00e8ncia\" \/>\n<meta property=\"article:publisher\" content=\"https:\/\/www.facebook.com\/oceanograficvl\" \/>\n<meta property=\"article:published_time\" content=\"2017-03-22T17:32:54+00:00\" \/>\n<meta property=\"article:modified_time\" content=\"2018-07-24T07:49:55+00:00\" \/>\n<meta property=\"og:image\" content=\"https:\/\/www.oceanografic.org\/wp-content\/uploads\/2017\/03\/OCE-CAMP-MEDUSAS17-ANUNCIO-FECHA-ABRIL-300X263PX-SIN-LOGO-ARRIBA.jpg\" \/>\n\t<meta property=\"og:image:width\" content=\"300\" \/>\n\t<meta property=\"og:image:height\" content=\"300\" \/>\n\t<meta property=\"og:image:type\" content=\"image\/jpeg\" \/>\n<meta name=\"author\" content=\"Menta\" \/>\n<meta name=\"twitter:card\" content=\"summary_large_image\" \/>\n<meta name=\"twitter:creator\" content=\"@Oceanografic_vl\" \/>\n<meta name=\"twitter:site\" content=\"@Oceanografic_vl\" \/>\n<meta name=\"twitter:label1\" content=\"Written by\" \/>\n\t<meta name=\"twitter:data1\" content=\"Menta\" \/>\n\t<meta name=\"twitter:label2\" content=\"Est. reading time\" \/>\n\t<meta name=\"twitter:data2\" content=\"1 minute\" \/>\n<script type=\"application\/ld+json\" class=\"yoast-schema-graph\">{\"@context\":\"https:\\\/\\\/schema.org\",\"@graph\":[{\"@type\":\"Article\",\"@id\":\"https:\\\/\\\/www.oceanografic.org\\\/va\\\/medusas\\\/#article\",\"isPartOf\":{\"@id\":\"https:\\\/\\\/www.oceanografic.org\\\/va\\\/medusas\\\/\"},\"author\":{\"name\":\"Menta\",\"@id\":\"https:\\\/\\\/www.oceanografic.org\\\/va\\\/#\\\/schema\\\/person\\\/9872766a3481b883c59f9605eef71204\"},\"headline\":\"Meduses com mai s&#8217;havien vist\",\"datePublished\":\"2017-03-22T17:32:54+00:00\",\"dateModified\":\"2018-07-24T07:49:55+00:00\",\"mainEntityOfPage\":{\"@id\":\"https:\\\/\\\/www.oceanografic.org\\\/va\\\/medusas\\\/\"},\"wordCount\":174,\"commentCount\":0,\"publisher\":{\"@id\":\"https:\\\/\\\/www.oceanografic.org\\\/va\\\/#organization\"},\"image\":{\"@id\":\"https:\\\/\\\/www.oceanografic.org\\\/va\\\/medusas\\\/#primaryimage\"},\"thumbnailUrl\":\"https:\\\/\\\/www.oceanografic.org\\\/wp-content\\\/uploads\\\/2017\\\/02\\\/medusas-1-1024x683.jpg\",\"articleSection\":[\"Animales\",\"Parque\"],\"inLanguage\":\"va\",\"potentialAction\":[{\"@type\":\"CommentAction\",\"name\":\"Comment\",\"target\":[\"https:\\\/\\\/www.oceanografic.org\\\/va\\\/medusas\\\/#respond\"]}]},{\"@type\":\"WebPage\",\"@id\":\"https:\\\/\\\/www.oceanografic.org\\\/va\\\/medusas\\\/\",\"url\":\"https:\\\/\\\/www.oceanografic.org\\\/va\\\/medusas\\\/\",\"name\":\"Meduses com mai s'havien vist - Oceanogr\u00e0fic de Val\u00e8ncia\",\"isPartOf\":{\"@id\":\"https:\\\/\\\/www.oceanografic.org\\\/va\\\/#website\"},\"primaryImageOfPage\":{\"@id\":\"https:\\\/\\\/www.oceanografic.org\\\/va\\\/medusas\\\/#primaryimage\"},\"image\":{\"@id\":\"https:\\\/\\\/www.oceanografic.org\\\/va\\\/medusas\\\/#primaryimage\"},\"thumbnailUrl\":\"https:\\\/\\\/www.oceanografic.org\\\/wp-content\\\/uploads\\\/2017\\\/02\\\/medusas-1-1024x683.jpg\",\"datePublished\":\"2017-03-22T17:32:54+00:00\",\"dateModified\":\"2018-07-24T07:49:55+00:00\",\"breadcrumb\":{\"@id\":\"https:\\\/\\\/www.oceanografic.org\\\/va\\\/medusas\\\/#breadcrumb\"},\"inLanguage\":\"va\",\"potentialAction\":[{\"@type\":\"ReadAction\",\"target\":[\"https:\\\/\\\/www.oceanografic.org\\\/va\\\/medusas\\\/\"]}]},{\"@type\":\"ImageObject\",\"inLanguage\":\"va\",\"@id\":\"https:\\\/\\\/www.oceanografic.org\\\/va\\\/medusas\\\/#primaryimage\",\"url\":\"https:\\\/\\\/www.oceanografic.org\\\/wp-content\\\/uploads\\\/2017\\\/02\\\/medusas-1-1024x683.jpg\",\"contentUrl\":\"https:\\\/\\\/www.oceanografic.org\\\/wp-content\\\/uploads\\\/2017\\\/02\\\/medusas-1-1024x683.jpg\"},{\"@type\":\"BreadcrumbList\",\"@id\":\"https:\\\/\\\/www.oceanografic.org\\\/va\\\/medusas\\\/#breadcrumb\",\"itemListElement\":[{\"@type\":\"ListItem\",\"position\":1,\"name\":\"Portada\",\"item\":\"https:\\\/\\\/www.oceanografic.org\\\/va\\\/\"},{\"@type\":\"ListItem\",\"position\":2,\"name\":\"Meduses com mai s&#8217;havien vist\"}]},{\"@type\":\"WebSite\",\"@id\":\"https:\\\/\\\/www.oceanografic.org\\\/va\\\/#website\",\"url\":\"https:\\\/\\\/www.oceanografic.org\\\/va\\\/\",\"name\":\"Oceanogr\u00e0fic de Val\u00e8ncia\",\"description\":\"\",\"publisher\":{\"@id\":\"https:\\\/\\\/www.oceanografic.org\\\/va\\\/#organization\"},\"potentialAction\":[{\"@type\":\"SearchAction\",\"target\":{\"@type\":\"EntryPoint\",\"urlTemplate\":\"https:\\\/\\\/www.oceanografic.org\\\/va\\\/?s={search_term_string}\"},\"query-input\":{\"@type\":\"PropertyValueSpecification\",\"valueRequired\":true,\"valueName\":\"search_term_string\"}}],\"inLanguage\":\"va\"},{\"@type\":\"Organization\",\"@id\":\"https:\\\/\\\/www.oceanografic.org\\\/va\\\/#organization\",\"name\":\"Oceanogr\u00e0fic de Val\u00e8ncia\",\"url\":\"https:\\\/\\\/www.oceanografic.org\\\/va\\\/\",\"logo\":{\"@type\":\"ImageObject\",\"inLanguage\":\"va\",\"@id\":\"https:\\\/\\\/www.oceanografic.org\\\/va\\\/#\\\/schema\\\/logo\\\/image\\\/\",\"url\":\"https:\\\/\\\/www.oceanografic.org\\\/wp-content\\\/uploads\\\/2024\\\/10\\\/Logo-OCE.png\",\"contentUrl\":\"https:\\\/\\\/www.oceanografic.org\\\/wp-content\\\/uploads\\\/2024\\\/10\\\/Logo-OCE.png\",\"width\":3543,\"height\":1286,\"caption\":\"Oceanogr\u00e0fic de Val\u00e8ncia\"},\"image\":{\"@id\":\"https:\\\/\\\/www.oceanografic.org\\\/va\\\/#\\\/schema\\\/logo\\\/image\\\/\"},\"sameAs\":[\"https:\\\/\\\/www.facebook.com\\\/oceanograficvl\",\"https:\\\/\\\/x.com\\\/Oceanografic_vl\"]},{\"@type\":\"Person\",\"@id\":\"https:\\\/\\\/www.oceanografic.org\\\/va\\\/#\\\/schema\\\/person\\\/9872766a3481b883c59f9605eef71204\",\"name\":\"Menta\",\"image\":{\"@type\":\"ImageObject\",\"inLanguage\":\"va\",\"@id\":\"https:\\\/\\\/secure.gravatar.com\\\/avatar\\\/738005cfc9461f50a1751ecc5a0f7043b52c6efd758590cdefbc8973bdeccae0?s=96&d=mm&r=g\",\"url\":\"https:\\\/\\\/secure.gravatar.com\\\/avatar\\\/738005cfc9461f50a1751ecc5a0f7043b52c6efd758590cdefbc8973bdeccae0?s=96&d=mm&r=g\",\"contentUrl\":\"https:\\\/\\\/secure.gravatar.com\\\/avatar\\\/738005cfc9461f50a1751ecc5a0f7043b52c6efd758590cdefbc8973bdeccae0?s=96&d=mm&r=g\",\"caption\":\"Menta\"},\"sameAs\":[\"http:\\\/\\\/estudiomenta.com\"]}]}<\/script>\n<!-- \/ Yoast SEO plugin. -->","yoast_head_json":{"title":"Meduses com mai s'havien vist - Oceanogr\u00e0fic de Val\u00e8ncia","robots":{"index":"index","follow":"follow","max-snippet":"max-snippet:-1","max-image-preview":"max-image-preview:large","max-video-preview":"max-video-preview:-1"},"canonical":"https:\/\/www.oceanografic.org\/va\/medusas\/","og_locale":"en_US","og_type":"article","og_title":"Meduses com mai s'havien vist - Oceanogr\u00e0fic de Val\u00e8ncia","og_description":"Aquesta \u00e9s la nova proposta de l\u2019Oceanogr\u00e0fic de Val\u00e8ncia per a la nova temporada 2017, que es podr\u00e0 veure a partir d\u2019abril. En ella, setze nous tancs seran instal\u00b7lats en tot l\u2019Oceanogr\u00e0fic per a mostrar les diferents meduses del m\u00f3n. Aquests es veuran refor\u00e7ats amb 45 m\u00e9s en zona t\u00e8cnica, que s\u2019empraran per al cultiu,&hellip; Continua","og_url":"https:\/\/www.oceanografic.org\/va\/medusas\/","og_site_name":"Oceanogr\u00e0fic de Val\u00e8ncia","article_publisher":"https:\/\/www.facebook.com\/oceanograficvl","article_published_time":"2017-03-22T17:32:54+00:00","article_modified_time":"2018-07-24T07:49:55+00:00","og_image":[{"width":300,"height":300,"url":"https:\/\/www.oceanografic.org\/wp-content\/uploads\/2017\/03\/OCE-CAMP-MEDUSAS17-ANUNCIO-FECHA-ABRIL-300X263PX-SIN-LOGO-ARRIBA.jpg","type":"image\/jpeg"}],"author":"Menta","twitter_card":"summary_large_image","twitter_creator":"@Oceanografic_vl","twitter_site":"@Oceanografic_vl","twitter_misc":{"Written by":"Menta","Est. reading time":"1 minute"},"schema":{"@context":"https:\/\/schema.org","@graph":[{"@type":"Article","@id":"https:\/\/www.oceanografic.org\/va\/medusas\/#article","isPartOf":{"@id":"https:\/\/www.oceanografic.org\/va\/medusas\/"},"author":{"name":"Menta","@id":"https:\/\/www.oceanografic.org\/va\/#\/schema\/person\/9872766a3481b883c59f9605eef71204"},"headline":"Meduses com mai s&#8217;havien vist","datePublished":"2017-03-22T17:32:54+00:00","dateModified":"2018-07-24T07:49:55+00:00","mainEntityOfPage":{"@id":"https:\/\/www.oceanografic.org\/va\/medusas\/"},"wordCount":174,"commentCount":0,"publisher":{"@id":"https:\/\/www.oceanografic.org\/va\/#organization"},"image":{"@id":"https:\/\/www.oceanografic.org\/va\/medusas\/#primaryimage"},"thumbnailUrl":"https:\/\/www.oceanografic.org\/wp-content\/uploads\/2017\/02\/medusas-1-1024x683.jpg","articleSection":["Animales","Parque"],"inLanguage":"va","potentialAction":[{"@type":"CommentAction","name":"Comment","target":["https:\/\/www.oceanografic.org\/va\/medusas\/#respond"]}]},{"@type":"WebPage","@id":"https:\/\/www.oceanografic.org\/va\/medusas\/","url":"https:\/\/www.oceanografic.org\/va\/medusas\/","name":"Meduses com mai s'havien vist - Oceanogr\u00e0fic de Val\u00e8ncia","isPartOf":{"@id":"https:\/\/www.oceanografic.org\/va\/#website"},"primaryImageOfPage":{"@id":"https:\/\/www.oceanografic.org\/va\/medusas\/#primaryimage"},"image":{"@id":"https:\/\/www.oceanografic.org\/va\/medusas\/#primaryimage"},"thumbnailUrl":"https:\/\/www.oceanografic.org\/wp-content\/uploads\/2017\/02\/medusas-1-1024x683.jpg","datePublished":"2017-03-22T17:32:54+00:00","dateModified":"2018-07-24T07:49:55+00:00","breadcrumb":{"@id":"https:\/\/www.oceanografic.org\/va\/medusas\/#breadcrumb"},"inLanguage":"va","potentialAction":[{"@type":"ReadAction","target":["https:\/\/www.oceanografic.org\/va\/medusas\/"]}]},{"@type":"ImageObject","inLanguage":"va","@id":"https:\/\/www.oceanografic.org\/va\/medusas\/#primaryimage","url":"https:\/\/www.oceanografic.org\/wp-content\/uploads\/2017\/02\/medusas-1-1024x683.jpg","contentUrl":"https:\/\/www.oceanografic.org\/wp-content\/uploads\/2017\/02\/medusas-1-1024x683.jpg"},{"@type":"BreadcrumbList","@id":"https:\/\/www.oceanografic.org\/va\/medusas\/#breadcrumb","itemListElement":[{"@type":"ListItem","position":1,"name":"Portada","item":"https:\/\/www.oceanografic.org\/va\/"},{"@type":"ListItem","position":2,"name":"Meduses com mai s&#8217;havien vist"}]},{"@type":"WebSite","@id":"https:\/\/www.oceanografic.org\/va\/#website","url":"https:\/\/www.oceanografic.org\/va\/","name":"Oceanogr\u00e0fic de Val\u00e8ncia","description":"","publisher":{"@id":"https:\/\/www.oceanografic.org\/va\/#organization"},"potentialAction":[{"@type":"SearchAction","target":{"@type":"EntryPoint","urlTemplate":"https:\/\/www.oceanografic.org\/va\/?s={search_term_string}"},"query-input":{"@type":"PropertyValueSpecification","valueRequired":true,"valueName":"search_term_string"}}],"inLanguage":"va"},{"@type":"Organization","@id":"https:\/\/www.oceanografic.org\/va\/#organization","name":"Oceanogr\u00e0fic de Val\u00e8ncia","url":"https:\/\/www.oceanografic.org\/va\/","logo":{"@type":"ImageObject","inLanguage":"va","@id":"https:\/\/www.oceanografic.org\/va\/#\/schema\/logo\/image\/","url":"https:\/\/www.oceanografic.org\/wp-content\/uploads\/2024\/10\/Logo-OCE.png","contentUrl":"https:\/\/www.oceanografic.org\/wp-content\/uploads\/2024\/10\/Logo-OCE.png","width":3543,"height":1286,"caption":"Oceanogr\u00e0fic de Val\u00e8ncia"},"image":{"@id":"https:\/\/www.oceanografic.org\/va\/#\/schema\/logo\/image\/"},"sameAs":["https:\/\/www.facebook.com\/oceanograficvl","https:\/\/x.com\/Oceanografic_vl"]},{"@type":"Person","@id":"https:\/\/www.oceanografic.org\/va\/#\/schema\/person\/9872766a3481b883c59f9605eef71204","name":"Menta","image":{"@type":"ImageObject","inLanguage":"va","@id":"https:\/\/secure.gravatar.com\/avatar\/738005cfc9461f50a1751ecc5a0f7043b52c6efd758590cdefbc8973bdeccae0?s=96&d=mm&r=g","url":"https:\/\/secure.gravatar.com\/avatar\/738005cfc9461f50a1751ecc5a0f7043b52c6efd758590cdefbc8973bdeccae0?s=96&d=mm&r=g","contentUrl":"https:\/\/secure.gravatar.com\/avatar\/738005cfc9461f50a1751ecc5a0f7043b52c6efd758590cdefbc8973bdeccae0?s=96&d=mm&r=g","caption":"Menta"},"sameAs":["http:\/\/estudiomenta.com"]}]}},"_links":{"self":[{"href":"https:\/\/www.oceanografic.org\/va\/wp-json\/wp\/v2\/posts\/22224","targetHints":{"allow":["GET"]}}],"collection":[{"href":"https:\/\/www.oceanografic.org\/va\/wp-json\/wp\/v2\/posts"}],"about":[{"href":"https:\/\/www.oceanografic.org\/va\/wp-json\/wp\/v2\/types\/post"}],"author":[{"embeddable":true,"href":"https:\/\/www.oceanografic.org\/va\/wp-json\/wp\/v2\/users\/2"}],"replies":[{"embeddable":true,"href":"https:\/\/www.oceanografic.org\/va\/wp-json\/wp\/v2\/comments?post=22224"}],"version-history":[{"count":0,"href":"https:\/\/www.oceanografic.org\/va\/wp-json\/wp\/v2\/posts\/22224\/revisions"}],"wp:attachment":[{"href":"https:\/\/www.oceanografic.org\/va\/wp-json\/wp\/v2\/media?parent=22224"}],"wp:term":[{"taxonomy":"category","embeddable":true,"href":"https:\/\/www.oceanografic.org\/va\/wp-json\/wp\/v2\/categories?post=22224"},{"taxonomy":"post_tag","embeddable":true,"href":"https:\/\/www.oceanografic.org\/va\/wp-json\/wp\/v2\/tags?post=22224"}],"curies":[{"name":"wp","href":"https:\/\/api.w.org\/{rel}","templated":true}]}}